{"id":2036,"date":"2026-08-13T12:34:38","date_gmt":"2026-08-13T09:34:38","guid":{"rendered":"https:\/\/ewers.ee\/heres-to-an-active-start-to-the-school-year\/"},"modified":"2026-08-26T13:10:36","modified_gmt":"2026-08-26T10:10:36","slug":"heres-to-an-active-start-to-the-school-year","status":"publish","type":"post","link":"https:\/\/ewers.ee\/en\/heres-to-an-active-start-to-the-school-year\/","title":{"rendered":"Here&#8217;s to an active start to the school year!"},"content":{"rendered":"\n<h3 class=\"wp-block-heading\">We are very pleased that you have joined us. To help make your transition a little smoother, we are providing you with information about the school and how the course is organized.   <\/h3>\n\n<h3 class=\"wp-block-heading\"><strong>Information for September 1<\/strong><\/h3>\n\n<p class=\"wp-block-paragraph\">The opening ceremony for the school year will take place <strong>on September 1 at 10:15 <\/strong>a.m <strong>. <\/strong>in front of the main building of <strong>the V\u00f5ru County <\/strong>Education and Technology Center. <strong>We will gather in our study groups next to the signs for our respective fields of study. <\/strong> <\/p>\n\n<p class=\"wp-block-paragraph\">The day continues with a joint information session for students in applied secondary education and vocational secondary education, as well as for assistant cooks, woodworking machine operators, and students in preparatory studies, in Room <strong>P101<\/strong>; while general education students will gather <strong>in room<\/strong> <strong>\u00dc304<\/strong> <strong>on the 3rd floor of the dormitory<\/strong>.  <\/p>\n\n<p class=\"wp-block-paragraph\">This is followed by a lunch break, after which the course instructors\/mentors will hold their classes (<strong> <\/strong>) according to the schedule; <strong>for the 2nd and 3rd-year students<\/strong>, the day continues with subject classes.<\/p>\n\n<p class=\"wp-block-paragraph\">Attendance at the ceremony is not mandatory <strong>for vocational education students (i.e., part-time students)<\/strong>. Classes will begin according to the schedule. If they wish, part-time vocational students can ask for information after the ceremony <strong>in room P404 of the main building. <\/strong>   <\/p>\n\n<p class=\"wp-block-paragraph\">We ask all first-year students to bring a notebook and writing utensils; to log in to the information systems, you will need a valid ID card, Mobile-ID, or Smart-ID.  <\/p>\n\n<h3 class=\"wp-block-heading\"><strong>Tunniplaan<\/strong><\/h3>\n\n<p class=\"wp-block-paragraph\">You can view the class schedule on the school&#8217;s website <a href=\"https:\/\/vorumaa-haridus-ja-tehnoloogiakeskus.webuntis.com\/WebUntis\/#\/basic\/timetablePublic\" id=\"https:\/\/vorumaa-haridus-ja-tehnoloogiakeskus.webuntis.com\/WebUntis\/#\/basic\/timetablePublic\">HERE<\/a>.<\/p>\n\n<p class=\"wp-block-paragraph\">In the class schedule, the letter \u201cP\u201d before a room number indicates the main building (Kooli tee 1), \u201cT\u201d indicates the technical building (P\u00e4rna tee 22), and \u201cE\u201d indicates the construction building (P\u00e4rna tee 5). The first number in a room number on the class schedule indicates the floor. For example, P310 is located on the third floor of the main building.    <\/p>\n\n<h3 class=\"wp-block-heading\"><strong>Class Times<\/strong><\/h3>\n\n<p class=\"wp-block-paragraph\">Classes begin at 8:30 a.m., and each class lasts 90 minutes. There are 3\u20135 classes per school day. In addition to classes, there are meetings with a mentor and, if necessary, consultation sessions. You can view the start and end times of classes via the same link to the schedule on the school\u2019s website.   <\/p>\n\n<p class=\"wp-block-paragraph\">In addition to the classes scheduled in the timetable, students may also use the school\u2019s laboratories and equipment for independent study and practice. The use of laboratories and equipment must be discussed with the subject teacher. <\/p>\n\n<h3 class=\"wp-block-heading has-black-color has-text-color has-link-color wp-elements-1\"><strong>The Tahvel academic information system, the Moodle learning environment, and email<\/strong><\/h3>\n\n<p class=\"wp-block-paragraph\">You can view academic information about yourself (including homework and grades) in <a href=\"https:\/\/tahvel.edu.ee\/#\/\" target=\"_blank\" rel=\"noreferrer noopener\">the Tahvel<\/a> academic information system. Once school starts, you can log in to Tahvel using your Mobile-ID, ID card, or HarID account. Your parent can also request access to view your academic information.  <\/p>\n\n<p class=\"wp-block-paragraph\">Digital learning materials are available on the <a href=\"https:\/\/moodle.edu.ee\/course\/index.php?categoryid=23\" target=\"_blank\" rel=\"noreferrer noopener\">Moodle<\/a> learning platform. Every student must have a Moodle account. You can create an account <a href=\"https:\/\/moodle.edu.ee\/login\/index.php\" target=\"_blank\" rel=\"noreferrer noopener\">here<\/a>. If you have used Moodle before at another school, you do not need to create a new account.   <\/p>\n\n<p class=\"wp-block-paragraph\">In early September, you will be assigned a school network username and an email address with the school\u2019s domain. Information related to your studies and school life will be sent to your school email address. To activate your computer network username and email address, you must create a <a href=\"https:\/\/harid.ee\/\" target=\"_blank\" rel=\"noreferrer noopener\">HarID<\/a> account and set a password for it during the month of September.    <\/p>\n\n<p class=\"wp-block-paragraph\">Instructions for logging in to the HarID environment and creating or changing your password can be found <a href=\"https:\/\/drive.google.com\/file\/d\/1TqC3pL2nFJKuM72dEb3anHbhboq7QURj\/view\" target=\"_blank\" rel=\"noreferrer noopener\">here<\/a> (section \u201cCreating a User Account and Password in the HarID Environment\u201d). Once you have created a HarID account, you can use it to log in to Moodle and Tahvel in the future. <\/p>\n\n<p class=\"wp-block-paragraph\">We recommend that you forward emails sent to your school email address to your personal email address. You can find instructions (in English) on how to forward emails to another email address <a href=\"https:\/\/support.google.com\/mail\/answer\/10957?hl=en#zippy=%2Cturn-automatic-fowarding-on-or-off%2Cturn-automatic-forwarding-on-or-off\" target=\"_blank\" rel=\"noreferrer noopener\">here<\/a> <\/p>\n\n<h3 class=\"wp-block-heading\">Breaks for the 2026\/2027 school year.<\/h3>\n\n<figure class=\"wp-block-table\"><table class=\"has-fixed-layout\"><thead><tr><th><strong>Breaks in Vocational Education<\/strong><\/th><th><strong>School Breaks in General Education<\/strong><\/th><\/tr><\/thead><tbody><tr><td>21.12.2026 &#8211; 03.01.2027<\/td><td>26.10.2026 &#8211; 01.11.2026<\/td><\/tr><tr><td>21.06.2027 &#8211; 31.08.2027<\/td><td>21.12.2026 &#8211; 03.01.2027<\/td><\/tr><tr><td><\/td><td>22.02.2026 &#8211; 28.02.2027<\/td><\/tr><tr><td><\/td><td>April 12, 2026 \u2013 April 18, 2027 (except for 12th grade)<\/td><\/tr><tr><td><\/td><td>June 9, 2026 \u2013 August 31, 2027 (except for graduating classes)<\/td><\/tr><\/tbody><\/table><\/figure>\n\n<h3 class=\"wp-block-heading\"><strong>Student ID Card<\/strong><\/h3>\n\n<p class=\"wp-block-paragraph\">You can order a student ID card on your own at eduid.ee\/login or by filling out a paper application at the Academic Affairs Office (P122). The student ID card is free of charge. <\/p>\n\n<h3 class=\"wp-block-heading\"><strong>Accommodations<\/strong><\/h3>\n\n<p class=\"wp-block-paragraph\">Students at the V\u00f5ru County Education and Technology Center can stay in the school&#8217;s dormitories. For more information about housing, click<a href=\"https:\/\/ewers.ee\/en\/accommodations\/\" id=\"https:\/\/ewers.ee\/majutus\/\"> HERE.<\/a> <\/p>\n\n<h3 class=\"wp-block-heading\"><strong>Catering<\/strong><\/h3>\n\n<p class=\"wp-block-paragraph\">It is also possible to eat school lunch at the school. Lunch must be reserved and paid for in advance on the toitkooli.ee website. Lunch can be eaten both in the main building and in the technology building. After ordering and paying for your meal, you must check in at the cafeteria using your phone (see <a href=\"https:\/\/www.ewers.ee\/et\/toitlustamine-0#telo\">https:\/\/www.ewers.ee\/et\/toitlustamine-0#telo<\/a> ) or using your student ID card or another chip card that has been set up accordingly by the school\u2019s IT specialist. More detailed information (lunch prices, etc.) will be available from your course advisor in early September.    <\/p>\n\n<p class=\"wp-block-paragraph\"><strong>Please note: For the first two weeks, school lunches have been pre-ordered and paid for first-year students in the daytime program<\/strong>.<\/p>\n\n<h3 class=\"wp-block-heading\"><strong>Recreational Activities<\/strong><\/h3>\n\n<p class=\"wp-block-paragraph\">In addition to the many traditional events held at the school (freshman initiation, Teachers\u2019 Day, Christmas Week, etc.), students also have the opportunity to shape school life to their liking. The best way to do this is to participate in the student council. We\u2019ll share information about the student council elections in September.  <\/p>\n\n<p class=\"wp-block-paragraph\">In addition, several interest clubs will begin their activities this fall, and all EWERS students are welcome to participate. The interest clubs are free for EWERS students. <\/p>\n\n<p class=\"wp-block-paragraph\">All students can use the pool and saunas at the V\u00e4imela Health Center free of charge. We will provide more detailed information in September. <\/p>\n\n<p class=\"wp-block-paragraph\">For more information about the course schedule, please contact the academic advisor at +372 7850824 or via email at <a href=\"mailto:kaiu.zernand@ewers.ee\" target=\"_blank\" rel=\"noreferrer noopener\">kaiu.zernand@ewers.ee<\/a>, or contact the course instructor.<\/p>\n<div class=\"is-default-size wp-block-site-logo\"><a href=\"https:\/\/ewers.ee\/en\/\" class=\"custom-logo-link\" rel=\"home\"><img decoding=\"async\" width=\"211\" height=\"72\" src=\"https:\/\/ewers.ee\/wp-content\/uploads\/2026\/05\/logo.png\" class=\"custom-logo\" alt=\"V\u00f5rumaa Haridus- ja Tehnoloogiakeskus\" \/><\/a><\/div>","protected":false},"excerpt":{"rendered":"<p>We are sharing information with you about the school and the organization of your course so that your studies can begin smoothly and without a hitch.<\/p>\n","protected":false},"author":1,"featured_media":1955,"comment_status":"closed","ping_status":"closed","sticky":false,"template":"","format":"standard","meta":{"_acf_changed":false,"footnotes":""},"categories":[2],"tags":[],"class_list":["post-2036","post","type-post","status-publish","format-standard","has-post-thumbnail","hentry","category-uncategorized"],"acf":[],"yoast_head":"<!-- This site is optimized with the Yoast SEO plugin v28.4 - https:\/\/yoast.com\/product\/yoast-seo-wordpress\/ -->\n<title>Here&#039;s to an active start to the school year! &#8226; V\u00f5rumaa Haridus- ja Tehnoloogiakeskus<\/title>\n<meta name=\"robots\" content=\"index, follow, max-snippet:-1, max-image-preview:large, max-video-preview:-1\" \/>\n<link rel=\"canonical\" href=\"https:\/\/ewers.ee\/en\/heres-to-an-active-start-to-the-school-year\/\" \/>\n<meta property=\"og:locale\" content=\"en_US\" \/>\n<meta property=\"og:type\" content=\"article\" \/>\n<meta property=\"og:title\" content=\"Here&#039;s to an active start to the school year! &#8226; V\u00f5rumaa Haridus- ja Tehnoloogiakeskus\" \/>\n<meta property=\"og:description\" content=\"We are sharing information with you about the school and the organization of your course so that your studies can begin smoothly and without a hitch.\" \/>\n<meta property=\"og:url\" content=\"https:\/\/ewers.ee\/en\/heres-to-an-active-start-to-the-school-year\/\" \/>\n<meta property=\"og:site_name\" content=\"V\u00f5rumaa Haridus- ja Tehnoloogiakeskus\" \/>\n<meta property=\"article:publisher\" content=\"https:\/\/www.facebook.com\/V6rumaaEWERS\/\" \/>\n<meta property=\"article:published_time\" content=\"2026-08-13T09:34:38+00:00\" \/>\n<meta property=\"article:modified_time\" content=\"2026-08-26T10:10:36+00:00\" \/>\n<meta property=\"og:image\" content=\"https:\/\/ewers.ee\/wp-content\/uploads\/2026\/04\/495194701_1324158693047330_367432074845675678_n-e1786610650432.jpg\" \/>\n\t<meta property=\"og:image:width\" content=\"2048\" \/>\n\t<meta property=\"og:image:height\" content=\"918\" \/>\n\t<meta property=\"og:image:type\" content=\"image\/jpeg\" \/>\n<meta name=\"author\" content=\"haldur\" \/>\n<meta name=\"twitter:card\" content=\"summary_large_image\" \/>\n<meta name=\"twitter:label1\" content=\"Written by\" \/>\n\t<meta name=\"twitter:data1\" content=\"haldur\" \/>\n\t<meta name=\"twitter:label2\" content=\"Est. reading time\" \/>\n\t<meta name=\"twitter:data2\" content=\"5 minutes\" \/>\n<script type=\"application\/ld+json\" class=\"yoast-schema-graph\">{\"@context\":\"https:\\\/\\\/schema.org\",\"@graph\":[{\"@type\":\"Article\",\"@id\":\"https:\\\/\\\/ewers.ee\\\/en\\\/heres-to-an-active-start-to-the-school-year\\\/#article\",\"isPartOf\":{\"@id\":\"https:\\\/\\\/ewers.ee\\\/en\\\/heres-to-an-active-start-to-the-school-year\\\/\"},\"author\":{\"name\":\"haldur\",\"@id\":\"https:\\\/\\\/ewers.ee\\\/en\\\/#\\\/schema\\\/person\\\/35f15eef9695eca105bb5808e35c5bcf\"},\"headline\":\"Here&#8217;s to an active start to the school year!\",\"datePublished\":\"2026-08-13T09:34:38+00:00\",\"dateModified\":\"2026-08-26T10:10:36+00:00\",\"mainEntityOfPage\":{\"@id\":\"https:\\\/\\\/ewers.ee\\\/en\\\/heres-to-an-active-start-to-the-school-year\\\/\"},\"wordCount\":1006,\"publisher\":{\"@id\":\"https:\\\/\\\/ewers.ee\\\/en\\\/#organization\"},\"image\":{\"@id\":\"https:\\\/\\\/ewers.ee\\\/en\\\/heres-to-an-active-start-to-the-school-year\\\/#primaryimage\"},\"thumbnailUrl\":\"https:\\\/\\\/ewers.ee\\\/wp-content\\\/uploads\\\/2026\\\/04\\\/495194701_1324158693047330_367432074845675678_n-e1786610650432.jpg\",\"inLanguage\":\"en-US\"},{\"@type\":\"WebPage\",\"@id\":\"https:\\\/\\\/ewers.ee\\\/en\\\/heres-to-an-active-start-to-the-school-year\\\/\",\"url\":\"https:\\\/\\\/ewers.ee\\\/en\\\/heres-to-an-active-start-to-the-school-year\\\/\",\"name\":\"Here's to an active start to the school year! &#8226; V\u00f5rumaa Haridus- ja Tehnoloogiakeskus\",\"isPartOf\":{\"@id\":\"https:\\\/\\\/ewers.ee\\\/en\\\/#website\"},\"primaryImageOfPage\":{\"@id\":\"https:\\\/\\\/ewers.ee\\\/en\\\/heres-to-an-active-start-to-the-school-year\\\/#primaryimage\"},\"image\":{\"@id\":\"https:\\\/\\\/ewers.ee\\\/en\\\/heres-to-an-active-start-to-the-school-year\\\/#primaryimage\"},\"thumbnailUrl\":\"https:\\\/\\\/ewers.ee\\\/wp-content\\\/uploads\\\/2026\\\/04\\\/495194701_1324158693047330_367432074845675678_n-e1786610650432.jpg\",\"datePublished\":\"2026-08-13T09:34:38+00:00\",\"dateModified\":\"2026-08-26T10:10:36+00:00\",\"breadcrumb\":{\"@id\":\"https:\\\/\\\/ewers.ee\\\/en\\\/heres-to-an-active-start-to-the-school-year\\\/#breadcrumb\"},\"inLanguage\":\"en-US\",\"potentialAction\":[{\"@type\":\"ReadAction\",\"target\":[\"https:\\\/\\\/ewers.ee\\\/en\\\/heres-to-an-active-start-to-the-school-year\\\/\"]}]},{\"@type\":\"ImageObject\",\"inLanguage\":\"en-US\",\"@id\":\"https:\\\/\\\/ewers.ee\\\/en\\\/heres-to-an-active-start-to-the-school-year\\\/#primaryimage\",\"url\":\"https:\\\/\\\/ewers.ee\\\/wp-content\\\/uploads\\\/2026\\\/04\\\/495194701_1324158693047330_367432074845675678_n-e1786610650432.jpg\",\"contentUrl\":\"https:\\\/\\\/ewers.ee\\\/wp-content\\\/uploads\\\/2026\\\/04\\\/495194701_1324158693047330_367432074845675678_n-e1786610650432.jpg\",\"width\":2048,\"height\":918},{\"@type\":\"BreadcrumbList\",\"@id\":\"https:\\\/\\\/ewers.ee\\\/en\\\/heres-to-an-active-start-to-the-school-year\\\/#breadcrumb\",\"itemListElement\":[{\"@type\":\"ListItem\",\"position\":1,\"name\":\"Home\",\"item\":\"https:\\\/\\\/ewers.ee\\\/en\\\/\"},{\"@type\":\"ListItem\",\"position\":2,\"name\":\"Here&#8217;s to an active start to the school year!\"}]},{\"@type\":\"WebSite\",\"@id\":\"https:\\\/\\\/ewers.ee\\\/en\\\/#website\",\"url\":\"https:\\\/\\\/ewers.ee\\\/en\\\/\",\"name\":\"V\u00f5rumaa Haridus- ja Tehnoloogiakeskus\",\"description\":\"Haridus, tehnoloogia ja v\u00f5imalused V\u00f5rumaal.\",\"publisher\":{\"@id\":\"https:\\\/\\\/ewers.ee\\\/en\\\/#organization\"},\"alternateName\":\"EWERS\",\"potentialAction\":[{\"@type\":\"SearchAction\",\"target\":{\"@type\":\"EntryPoint\",\"urlTemplate\":\"https:\\\/\\\/ewers.ee\\\/en\\\/?s={search_term_string}\"},\"query-input\":{\"@type\":\"PropertyValueSpecification\",\"valueRequired\":true,\"valueName\":\"search_term_string\"}}],\"inLanguage\":\"en-US\"},{\"@type\":\"Organization\",\"@id\":\"https:\\\/\\\/ewers.ee\\\/en\\\/#organization\",\"name\":\"V\u00f5rumaa Haridus- ja Tehnoloogiakeskus\",\"alternateName\":\"EWERS\",\"url\":\"https:\\\/\\\/ewers.ee\\\/en\\\/\",\"logo\":{\"@type\":\"ImageObject\",\"inLanguage\":\"en-US\",\"@id\":\"https:\\\/\\\/ewers.ee\\\/en\\\/#\\\/schema\\\/logo\\\/image\\\/\",\"url\":\"https:\\\/\\\/ewers.ee\\\/wp-content\\\/uploads\\\/2026\\\/05\\\/siteimage.jpg\",\"contentUrl\":\"https:\\\/\\\/ewers.ee\\\/wp-content\\\/uploads\\\/2026\\\/05\\\/siteimage.jpg\",\"width\":1200,\"height\":675,\"caption\":\"V\u00f5rumaa Haridus- ja Tehnoloogiakeskus\"},\"image\":{\"@id\":\"https:\\\/\\\/ewers.ee\\\/en\\\/#\\\/schema\\\/logo\\\/image\\\/\"},\"sameAs\":[\"https:\\\/\\\/www.facebook.com\\\/V6rumaaEWERS\\\/\",\"https:\\\/\\\/www.instagram.com\\\/ewers_v6rumaa\"]},{\"@type\":\"Person\",\"@id\":\"https:\\\/\\\/ewers.ee\\\/en\\\/#\\\/schema\\\/person\\\/35f15eef9695eca105bb5808e35c5bcf\",\"name\":\"haldur\",\"sameAs\":[\"https:\\\/\\\/ewers.ee\"]}]}<\/script>\n<!-- \/ Yoast SEO plugin. -->","yoast_head_json":{"title":"Here's to an active start to the school year! &#8226; V\u00f5rumaa Haridus- ja Tehnoloogiakeskus","robots":{"index":"index","follow":"follow","max-snippet":"max-snippet:-1","max-image-preview":"max-image-preview:large","max-video-preview":"max-video-preview:-1"},"canonical":"https:\/\/ewers.ee\/en\/heres-to-an-active-start-to-the-school-year\/","og_locale":"en_US","og_type":"article","og_title":"Here's to an active start to the school year! &#8226; V\u00f5rumaa Haridus- ja Tehnoloogiakeskus","og_description":"We are sharing information with you about the school and the organization of your course so that your studies can begin smoothly and without a hitch.","og_url":"https:\/\/ewers.ee\/en\/heres-to-an-active-start-to-the-school-year\/","og_site_name":"V\u00f5rumaa Haridus- ja Tehnoloogiakeskus","article_publisher":"https:\/\/www.facebook.com\/V6rumaaEWERS\/","article_published_time":"2026-08-13T09:34:38+00:00","article_modified_time":"2026-08-26T10:10:36+00:00","og_image":[{"width":2048,"height":918,"url":"https:\/\/ewers.ee\/wp-content\/uploads\/2026\/04\/495194701_1324158693047330_367432074845675678_n-e1786610650432.jpg","type":"image\/jpeg"}],"author":"haldur","twitter_card":"summary_large_image","twitter_misc":{"Written by":"haldur","Est. reading time":"5 minutes"},"schema":{"@context":"https:\/\/schema.org","@graph":[{"@type":"Article","@id":"https:\/\/ewers.ee\/en\/heres-to-an-active-start-to-the-school-year\/#article","isPartOf":{"@id":"https:\/\/ewers.ee\/en\/heres-to-an-active-start-to-the-school-year\/"},"author":{"name":"haldur","@id":"https:\/\/ewers.ee\/en\/#\/schema\/person\/35f15eef9695eca105bb5808e35c5bcf"},"headline":"Here&#8217;s to an active start to the school year!","datePublished":"2026-08-13T09:34:38+00:00","dateModified":"2026-08-26T10:10:36+00:00","mainEntityOfPage":{"@id":"https:\/\/ewers.ee\/en\/heres-to-an-active-start-to-the-school-year\/"},"wordCount":1006,"publisher":{"@id":"https:\/\/ewers.ee\/en\/#organization"},"image":{"@id":"https:\/\/ewers.ee\/en\/heres-to-an-active-start-to-the-school-year\/#primaryimage"},"thumbnailUrl":"https:\/\/ewers.ee\/wp-content\/uploads\/2026\/04\/495194701_1324158693047330_367432074845675678_n-e1786610650432.jpg","inLanguage":"en-US"},{"@type":"WebPage","@id":"https:\/\/ewers.ee\/en\/heres-to-an-active-start-to-the-school-year\/","url":"https:\/\/ewers.ee\/en\/heres-to-an-active-start-to-the-school-year\/","name":"Here's to an active start to the school year! &#8226; V\u00f5rumaa Haridus- ja Tehnoloogiakeskus","isPartOf":{"@id":"https:\/\/ewers.ee\/en\/#website"},"primaryImageOfPage":{"@id":"https:\/\/ewers.ee\/en\/heres-to-an-active-start-to-the-school-year\/#primaryimage"},"image":{"@id":"https:\/\/ewers.ee\/en\/heres-to-an-active-start-to-the-school-year\/#primaryimage"},"thumbnailUrl":"https:\/\/ewers.ee\/wp-content\/uploads\/2026\/04\/495194701_1324158693047330_367432074845675678_n-e1786610650432.jpg","datePublished":"2026-08-13T09:34:38+00:00","dateModified":"2026-08-26T10:10:36+00:00","breadcrumb":{"@id":"https:\/\/ewers.ee\/en\/heres-to-an-active-start-to-the-school-year\/#breadcrumb"},"inLanguage":"en-US","potentialAction":[{"@type":"ReadAction","target":["https:\/\/ewers.ee\/en\/heres-to-an-active-start-to-the-school-year\/"]}]},{"@type":"ImageObject","inLanguage":"en-US","@id":"https:\/\/ewers.ee\/en\/heres-to-an-active-start-to-the-school-year\/#primaryimage","url":"https:\/\/ewers.ee\/wp-content\/uploads\/2026\/04\/495194701_1324158693047330_367432074845675678_n-e1786610650432.jpg","contentUrl":"https:\/\/ewers.ee\/wp-content\/uploads\/2026\/04\/495194701_1324158693047330_367432074845675678_n-e1786610650432.jpg","width":2048,"height":918},{"@type":"BreadcrumbList","@id":"https:\/\/ewers.ee\/en\/heres-to-an-active-start-to-the-school-year\/#breadcrumb","itemListElement":[{"@type":"ListItem","position":1,"name":"Home","item":"https:\/\/ewers.ee\/en\/"},{"@type":"ListItem","position":2,"name":"Here&#8217;s to an active start to the school year!"}]},{"@type":"WebSite","@id":"https:\/\/ewers.ee\/en\/#website","url":"https:\/\/ewers.ee\/en\/","name":"V\u00f5rumaa Haridus- ja Tehnoloogiakeskus","description":"Haridus, tehnoloogia ja v\u00f5imalused V\u00f5rumaal.","publisher":{"@id":"https:\/\/ewers.ee\/en\/#organization"},"alternateName":"EWERS","potentialAction":[{"@type":"SearchAction","target":{"@type":"EntryPoint","urlTemplate":"https:\/\/ewers.ee\/en\/?s={search_term_string}"},"query-input":{"@type":"PropertyValueSpecification","valueRequired":true,"valueName":"search_term_string"}}],"inLanguage":"en-US"},{"@type":"Organization","@id":"https:\/\/ewers.ee\/en\/#organization","name":"V\u00f5rumaa Haridus- ja Tehnoloogiakeskus","alternateName":"EWERS","url":"https:\/\/ewers.ee\/en\/","logo":{"@type":"ImageObject","inLanguage":"en-US","@id":"https:\/\/ewers.ee\/en\/#\/schema\/logo\/image\/","url":"https:\/\/ewers.ee\/wp-content\/uploads\/2026\/05\/siteimage.jpg","contentUrl":"https:\/\/ewers.ee\/wp-content\/uploads\/2026\/05\/siteimage.jpg","width":1200,"height":675,"caption":"V\u00f5rumaa Haridus- ja Tehnoloogiakeskus"},"image":{"@id":"https:\/\/ewers.ee\/en\/#\/schema\/logo\/image\/"},"sameAs":["https:\/\/www.facebook.com\/V6rumaaEWERS\/","https:\/\/www.instagram.com\/ewers_v6rumaa"]},{"@type":"Person","@id":"https:\/\/ewers.ee\/en\/#\/schema\/person\/35f15eef9695eca105bb5808e35c5bcf","name":"haldur","sameAs":["https:\/\/ewers.ee"]}]}},"_links":{"self":[{"href":"https:\/\/ewers.ee\/en\/wp-json\/wp\/v2\/posts\/2036","targetHints":{"allow":["GET"]}}],"collection":[{"href":"https:\/\/ewers.ee\/en\/wp-json\/wp\/v2\/posts"}],"about":[{"href":"https:\/\/ewers.ee\/en\/wp-json\/wp\/v2\/types\/post"}],"author":[{"embeddable":true,"href":"https:\/\/ewers.ee\/en\/wp-json\/wp\/v2\/users\/1"}],"replies":[{"embeddable":true,"href":"https:\/\/ewers.ee\/en\/wp-json\/wp\/v2\/comments?post=2036"}],"version-history":[{"count":2,"href":"https:\/\/ewers.ee\/en\/wp-json\/wp\/v2\/posts\/2036\/revisions"}],"predecessor-version":[{"id":2053,"href":"https:\/\/ewers.ee\/en\/wp-json\/wp\/v2\/posts\/2036\/revisions\/2053"}],"wp:featuredmedia":[{"embeddable":true,"href":"https:\/\/ewers.ee\/en\/wp-json\/wp\/v2\/media\/1955"}],"wp:attachment":[{"href":"https:\/\/ewers.ee\/en\/wp-json\/wp\/v2\/media?parent=2036"}],"wp:term":[{"taxonomy":"category","embeddable":true,"href":"https:\/\/ewers.ee\/en\/wp-json\/wp\/v2\/categories?post=2036"},{"taxonomy":"post_tag","embeddable":true,"href":"https:\/\/ewers.ee\/en\/wp-json\/wp\/v2\/tags?post=2036"}],"curies":[{"name":"wp","href":"https:\/\/api.w.org\/{rel}","templated":true}]}}